{"id":5983,"date":"2024-08-06T10:36:01","date_gmt":"2024-08-06T10:36:01","guid":{"rendered":"https:\/\/www.schoenruh.com\/?p=5983"},"modified":"2025-07-25T15:08:17","modified_gmt":"2025-07-25T15:08:17","slug":"almabtrieb","status":"publish","type":"post","link":"https:\/\/www.schoenruh.com\/en\/almabtrieb\/","title":{"rendered":"Der Almabtrieb in Gerlos: Ein H\u00f6hepunkt des Bergherbstes"},"content":{"rendered":"<div data-elementor-type=\"wp-post\" data-elementor-id=\"5983\" class=\"elementor elementor-5983\">\n\t\t\t\t<div class=\"elementor-element elementor-element-a19b6a4 e-flex e-con-boxed e-con e-parent\" data-id=\"a19b6a4\" data-element_type=\"container\" data-e-type=\"container\">\n\t\t\t\t\t<div class=\"e-con-inner\">\n\t\t\t\t<div class=\"elementor-element elementor-element-f052c79 elementor-widget elementor-widget-text-editor\" data-id=\"f052c79\" data-element_type=\"widget\" data-e-type=\"widget\" data-widget_type=\"text-editor.default\">\n\t\t\t\t\t\t\t\t\t<h5>Tradition hautnah erleben im Hotel Sch\u00f6nruh Gerlos<\/h5><p>Der Almabtrieb in Gerlos hat eine lange Tradition und geh\u00f6rt jedes Jahr zu den Highlights im Bergherbst. Wenn Sie diese besondere Zeit in unserem Hotel Sch\u00f6nruh in Gerlos verbringen, k\u00f6nnen Sie die Zillertaler Tradition hautnah erleben. Der Almabtrieb ist nicht nur ein Fest f\u00fcr die Einheimischen, sondern auch f\u00fcr Besucher ein einzigartiges Erlebnis.<\/p>\t\t\t\t\t\t\t\t<\/div>\n\t\t\t\t<div class=\"elementor-element elementor-element-50d1577 elementor-widget elementor-widget-image\" data-id=\"50d1577\" data-element_type=\"widget\" data-e-type=\"widget\" data-widget_type=\"image.default\">\n\t\t\t\t\t\t\t\t\t\t\t\t\t\t\t<img fetchpriority=\"high\" decoding=\"async\" width=\"1024\" height=\"683\" src=\"https:\/\/www.schoenruh.com\/wp-content\/uploads\/2024\/08\/Almabtrieb_e6ea9b0f5858bb87e52449eb46a8ee16-1024x683.jpg\" class=\"attachment-large size-large wp-image-5978\" alt=\"\" srcset=\"https:\/\/www.schoenruh.com\/wp-content\/uploads\/2024\/08\/Almabtrieb_e6ea9b0f5858bb87e52449eb46a8ee16-1024x683.jpg 1024w, https:\/\/www.schoenruh.com\/wp-content\/uploads\/2024\/08\/Almabtrieb_e6ea9b0f5858bb87e52449eb46a8ee16-300x200.jpg 300w, https:\/\/www.schoenruh.com\/wp-content\/uploads\/2024\/08\/Almabtrieb_e6ea9b0f5858bb87e52449eb46a8ee16-768x512.jpg 768w, https:\/\/www.schoenruh.com\/wp-content\/uploads\/2024\/08\/Almabtrieb_e6ea9b0f5858bb87e52449eb46a8ee16-1536x1024.jpg 1536w, https:\/\/www.schoenruh.com\/wp-content\/uploads\/2024\/08\/Almabtrieb_e6ea9b0f5858bb87e52449eb46a8ee16-18x12.webp 18w, https:\/\/www.schoenruh.com\/wp-content\/uploads\/2024\/08\/Almabtrieb_e6ea9b0f5858bb87e52449eb46a8ee16.jpg 2048w\" sizes=\"(max-width: 1024px) 100vw, 1024px\" \/>\t\t\t\t\t\t\t\t\t\t\t\t\t\t\t<\/div>\n\t\t\t\t<div class=\"elementor-element elementor-element-fd6331a elementor-widget elementor-widget-text-editor\" data-id=\"fd6331a\" data-element_type=\"widget\" data-e-type=\"widget\" data-widget_type=\"text-editor.default\">\n\t\t\t\t\t\t\t\t\t<h4>Ein Fest der Sinne: Der Almabtrieb am 27. September 2025<\/h4><p>Am 27. September 2025 kehren die K\u00fche geschm\u00fcckt und stolz von der Alm zur\u00fcck ins Tal. Die pr\u00e4chtig aufgeb\u00fcschelten K\u00fche sind ein beeindruckender Anblick, der die Stra\u00dfen von Gerlos in ein buntes Schauspiel verwandelt. Zwischen 09:00 Uhr und 14:00 Uhr treiben die Bauern ihre geschm\u00fcckten K\u00fche in Richtung Heimat, und entlang der Gerlos Stra\u00dfe k\u00f6nnen Sie dieses Spektakel hautnah miterleben.<\/p>\t\t\t\t\t\t\t\t<\/div>\n\t\t\t\t<div class=\"elementor-element elementor-element-88fdb44 elementor-widget elementor-widget-image\" data-id=\"88fdb44\" data-element_type=\"widget\" data-e-type=\"widget\" data-widget_type=\"image.default\">\n\t\t\t\t\t\t\t\t\t\t\t\t\t\t\t<img decoding=\"async\" width=\"1024\" height=\"683\" src=\"https:\/\/www.schoenruh.com\/wp-content\/uploads\/2024\/08\/Almabtrieb_7fa1c87bfe341a7d669209a8c20cbb1e-1024x683.jpg\" class=\"attachment-large size-large wp-image-5979\" alt=\"\" srcset=\"https:\/\/www.schoenruh.com\/wp-content\/uploads\/2024\/08\/Almabtrieb_7fa1c87bfe341a7d669209a8c20cbb1e-1024x683.jpg 1024w, https:\/\/www.schoenruh.com\/wp-content\/uploads\/2024\/08\/Almabtrieb_7fa1c87bfe341a7d669209a8c20cbb1e-300x200.jpg 300w, https:\/\/www.schoenruh.com\/wp-content\/uploads\/2024\/08\/Almabtrieb_7fa1c87bfe341a7d669209a8c20cbb1e-768x512.jpg 768w, https:\/\/www.schoenruh.com\/wp-content\/uploads\/2024\/08\/Almabtrieb_7fa1c87bfe341a7d669209a8c20cbb1e-1536x1024.jpg 1536w, https:\/\/www.schoenruh.com\/wp-content\/uploads\/2024\/08\/Almabtrieb_7fa1c87bfe341a7d669209a8c20cbb1e-18x12.jpg 18w, https:\/\/www.schoenruh.com\/wp-content\/uploads\/2024\/08\/Almabtrieb_7fa1c87bfe341a7d669209a8c20cbb1e.jpg 1920w\" sizes=\"(max-width: 1024px) 100vw, 1024px\" \/>\t\t\t\t\t\t\t\t\t\t\t\t\t\t\t<\/div>\n\t\t\t\t<div class=\"elementor-element elementor-element-87b10b1 elementor-widget elementor-widget-text-editor\" data-id=\"87b10b1\" data-element_type=\"widget\" data-e-type=\"widget\" data-widget_type=\"text-editor.default\">\n\t\t\t\t\t\t\t\t\t<h4>Musik und Tradition<\/h4><p>Der Almabtrieb ist mehr als nur die R\u00fcckkehr der K\u00fche \u2013 es ist ein Fest der Kultur und Musik. Verschiedene bekannte Zillertaler Musikgruppen sorgen f\u00fcr die musikalische Untermalung und bringen die typische Volksmusik direkt ins Ortszentrum von Gerlos. Das besondere Highlight sind die Peitschenschnalzer mit ihren Noriker Pferden und die &#8222;Fachtl-Trager&#8220;, die alte Traditionen lebendig halten und den Almabtrieb zu einem unvergleichlichen Erlebnis machen.<\/p>\t\t\t\t\t\t\t\t<\/div>\n\t\t\t\t<div class=\"elementor-element elementor-element-4a98ac0 elementor-widget elementor-widget-image\" data-id=\"4a98ac0\" data-element_type=\"widget\" data-e-type=\"widget\" data-widget_type=\"image.default\">\n\t\t\t\t\t\t\t\t\t\t\t\t\t\t\t<img decoding=\"async\" width=\"1024\" height=\"533\" src=\"https:\/\/www.schoenruh.com\/wp-content\/uploads\/2024\/08\/csm_Almabtrieb_5824ddffe36f188560b12cdd7744e0e9_63b4e4e3a8-1024x533.webp\" class=\"attachment-large size-large wp-image-5977\" alt=\"\" srcset=\"https:\/\/www.schoenruh.com\/wp-content\/uploads\/2024\/08\/csm_Almabtrieb_5824ddffe36f188560b12cdd7744e0e9_63b4e4e3a8-1024x533.webp 1024w, https:\/\/www.schoenruh.com\/wp-content\/uploads\/2024\/08\/csm_Almabtrieb_5824ddffe36f188560b12cdd7744e0e9_63b4e4e3a8-300x156.webp 300w, https:\/\/www.schoenruh.com\/wp-content\/uploads\/2024\/08\/csm_Almabtrieb_5824ddffe36f188560b12cdd7744e0e9_63b4e4e3a8-768x400.webp 768w, https:\/\/www.schoenruh.com\/wp-content\/uploads\/2024\/08\/csm_Almabtrieb_5824ddffe36f188560b12cdd7744e0e9_63b4e4e3a8-1536x800.webp 1536w, https:\/\/www.schoenruh.com\/wp-content\/uploads\/2024\/08\/csm_Almabtrieb_5824ddffe36f188560b12cdd7744e0e9_63b4e4e3a8-18x9.webp 18w, https:\/\/www.schoenruh.com\/wp-content\/uploads\/2024\/08\/csm_Almabtrieb_5824ddffe36f188560b12cdd7744e0e9_63b4e4e3a8.webp 1920w\" sizes=\"(max-width: 1024px) 100vw, 1024px\" \/>\t\t\t\t\t\t\t\t\t\t\t\t\t\t\t<\/div>\n\t\t\t\t\t<\/div>\n\t\t\t\t<\/div>\n\t\t<div class=\"elementor-element elementor-element-86b9669 e-flex e-con-boxed e-con e-parent\" data-id=\"86b9669\" data-element_type=\"container\" data-e-type=\"container\">\n\t\t\t\t\t<div class=\"e-con-inner\">\n\t\t\t\t<div class=\"elementor-element elementor-element-61a7df3 elementor-widget elementor-widget-text-editor\" data-id=\"61a7df3\" data-element_type=\"widget\" data-e-type=\"widget\" data-widget_type=\"text-editor.default\">\n\t\t\t\t\t\t\t\t\t<h4>Kulinarische K\u00f6stlichkeiten und regionale Produkte<\/h4><p>F\u00fcr das leibliche Wohl ist bestens gesorgt: Genie\u00dfen Sie traditionelle Zillertaler und Tiroler Spezialit\u00e4ten wie Zillertaler Krapfen und Melchermuas. Diese k\u00f6stlichen Gerichte sind nur ein Teil des kulinarischen Angebots, das den Almabtrieb begleitet. Um eine zus\u00e4tzliche Erinnerung an den Gerloser Almabtrieb mit nach Hause zu nehmen, bieten die Bauern auch regionale Produkte wie Schnaps, Honig, K\u00e4se und Speck an.<\/p><h4>Veranstaltungshinweise<\/h4><ul><li><strong>Beginn:<\/strong> 9:00 Uhr<\/li><li><strong>Ort:<\/strong> Ortszentrum Gerlos \u2013 entlang der Hauptstra\u00dfe<\/li><li><strong>Eintritt:<\/strong> frei!<\/li><\/ul>\t\t\t\t\t\t\t\t<\/div>\n\t\t\t\t<div class=\"elementor-element elementor-element-1283d55 elementor-widget elementor-widget-image\" data-id=\"1283d55\" data-element_type=\"widget\" data-e-type=\"widget\" data-widget_type=\"image.default\">\n\t\t\t\t\t\t\t\t\t\t\t\t\t\t\t<img decoding=\"async\" src=\"https:\/\/www.schoenruh.com\/wp-content\/uploads\/2024\/07\/hotel.jpg\" title=\"\" alt=\"\" loading=\"lazy\" \/>\t\t\t\t\t\t\t\t\t\t\t\t\t\t\t<\/div>\n\t\t\t\t<div class=\"elementor-element elementor-element-0077f79 elementor-widget elementor-widget-text-editor\" data-id=\"0077f79\" data-element_type=\"widget\" data-e-type=\"widget\" data-widget_type=\"text-editor.default\">\n\t\t\t\t\t\t\t\t\t<h3>Ihr Aufenthalt im Hotel Sch\u00f6nruh Gerlos<\/h3><p>Machen Sie Ihren Aufenthalt im Hotel Sch\u00f6nruh in Gerlos unvergesslich, indem Sie den Almabtrieb hautnah miterleben. Genie\u00dfen Sie die einzigartige Atmosph\u00e4re, die traditionelle Musik und die k\u00f6stlichen Speisen. Wir freuen uns darauf, Sie bei uns begr\u00fc\u00dfen zu d\u00fcrfen und Ihnen dieses besondere Erlebnis zu erm\u00f6glichen. Planen Sie jetzt Ihren Aufenthalt und seien Sie Teil eines der sch\u00f6nsten Feste des Bergherbstes in Gerlos.<\/p><p>Erleben Sie die Tradition, Kultur und die beeindruckende Natur des Zillertals \u2013 wir freuen uns auf Ihren Besuch im Hotel Sch\u00f6nruh Gerlos!<\/p>\t\t\t\t\t\t\t\t<\/div>\n\t\t\t\t\t<\/div>\n\t\t\t\t<\/div>\n\t\t\t\t<\/div>","protected":false},"excerpt":{"rendered":"<p>Tradition hautnah erleben im Hotel Sch\u00f6nruh Gerlos Der Almabtrieb in Gerlos hat eine lange Tradition und geh\u00f6rt jedes Jahr zu den Highlights im Bergherbst. Wenn Sie diese besondere Zeit in unserem Hotel Sch\u00f6nruh in Gerlos verbringen, k\u00f6nnen [&hellip;]<\/p>\n","protected":false},"author":2,"featured_media":5977,"comment_status":"closed","ping_status":"closed","sticky":false,"template":"","format":"standard","meta":{"footnotes":""},"categories":[47],"tags":[],"class_list":["post-5983","post","type-post","status-publish","format-standard","has-post-thumbnail","hentry","category-sommerurlaub"],"_links":{"self":[{"href":"https:\/\/www.schoenruh.com\/en\/wp-json\/wp\/v2\/posts\/5983","targetHints":{"allow":["GET"]}}],"collection":[{"href":"https:\/\/www.schoenruh.com\/en\/wp-json\/wp\/v2\/posts"}],"about":[{"href":"https:\/\/www.schoenruh.com\/en\/wp-json\/wp\/v2\/types\/post"}],"author":[{"embeddable":true,"href":"https:\/\/www.schoenruh.com\/en\/wp-json\/wp\/v2\/users\/2"}],"replies":[{"embeddable":true,"href":"https:\/\/www.schoenruh.com\/en\/wp-json\/wp\/v2\/comments?post=5983"}],"version-history":[{"count":0,"href":"https:\/\/www.schoenruh.com\/en\/wp-json\/wp\/v2\/posts\/5983\/revisions"}],"wp:featuredmedia":[{"embeddable":true,"href":"https:\/\/www.schoenruh.com\/en\/wp-json\/wp\/v2\/media\/5977"}],"wp:attachment":[{"href":"https:\/\/www.schoenruh.com\/en\/wp-json\/wp\/v2\/media?parent=5983"}],"wp:term":[{"taxonomy":"category","embeddable":true,"href":"https:\/\/www.schoenruh.com\/en\/wp-json\/wp\/v2\/categories?post=5983"},{"taxonomy":"post_tag","embeddable":true,"href":"https:\/\/www.schoenruh.com\/en\/wp-json\/wp\/v2\/tags?post=5983"}],"curies":[{"name":"wp","href":"https:\/\/api.w.org\/{rel}","templated":true}]}}